{"id":5899,"date":"2025-01-07T18:42:52","date_gmt":"2025-01-07T18:42:52","guid":{"rendered":"https:\/\/gabirossi.com.br\/?p=5899"},"modified":"2025-04-05T01:44:01","modified_gmt":"2025-04-05T01:44:01","slug":"cruzeiro-em-rios-na-alemanha","status":"publish","type":"post","link":"https:\/\/gabirossi.com.br\/en\/cruzeiro-em-rios-na-alemanha\/","title":{"rendered":"Cruzeiro em rios na Alemanha"},"content":{"rendered":"<div data-elementor-type=\"wp-post\" data-elementor-id=\"5899\" class=\"elementor elementor-5899\" data-elementor-post-type=\"post\">\n\t\t\t\t<div class=\"elementor-element elementor-element-2728c6f e-flex e-con-boxed e-con e-parent\" data-id=\"2728c6f\" data-element_type=\"container\" data-e-type=\"container\">\n\t\t\t\t\t<div class=\"e-con-inner\">\n\t\t\t\t<div class=\"elementor-element elementor-element-9edbc60 elementor-widget elementor-widget-text-editor\" data-id=\"9edbc60\" data-element_type=\"widget\" data-e-type=\"widget\" data-widget_type=\"text-editor.default\">\n\t\t\t\t<div class=\"elementor-widget-container\">\n\t\t\t\t\t\t\t\t\t<p>J\u00e1 ouviu falar em cruzeiro &#8220;fluvial&#8221; ou &#8220;em rio&#8221;? Para quem n\u00e3o est\u00e1 habituado ao balan\u00e7o das ondas ou a ficar muitos dias em alto mar, \u00e9 o cruzeiro perfeito! \u00c0 convite da <a href=\"https:\/\/www.amawaterways.com\">AmaWaterways<\/a>, refer\u00eancia em cruzeiros de luxo em rios, embarquei no roteiro denominado &#8220;<a href=\"https:\/\/www.amawaterways.au\/connections\/treasures-of-the-main-rhine-2024\">Tesouros dos rios Reno e Meno<\/a>&#8220;. Com dura\u00e7\u00e3o de 7 noites, a navega\u00e7\u00e3o percorreu a Alemanha rumo \u00e0 Holanda (Amsterdam).<\/p>\t\t\t\t\t\t\t\t<\/div>\n\t\t\t\t<\/div>\n\t\t\t\t\t<\/div>\n\t\t\t\t<\/div>\n\t\t<div class=\"elementor-element elementor-element-7202ce3 e-flex e-con-boxed e-con e-parent\" data-id=\"7202ce3\" data-element_type=\"container\" data-e-type=\"container\">\n\t\t\t\t\t<div class=\"e-con-inner\">\n\t\t\t\t<div class=\"elementor-element elementor-element-365bee3 elementor-widget elementor-widget-image\" data-id=\"365bee3\" data-element_type=\"widget\" data-e-type=\"widget\" data-widget_type=\"image.default\">\n\t\t\t\t<div class=\"elementor-widget-container\">\n\t\t\t\t\t\t\t\t\t\t\t\t<figure class=\"wp-caption\">\n\t\t\t\t\t\t\t\t\t\t<img fetchpriority=\"high\" decoding=\"async\" width=\"1024\" height=\"683\" src=\"https:\/\/gabirossi.com.br\/wp-content\/uploads\/2025\/01\/ship_18_amaprima_budapest_gallery-1024x683.jpg\" class=\"attachment-large size-large wp-image-5902\" alt=\"\" srcset=\"https:\/\/gabirossi.com.br\/wp-content\/uploads\/2025\/01\/ship_18_amaprima_budapest_gallery-1024x683.jpg 1024w, https:\/\/gabirossi.com.br\/wp-content\/uploads\/2025\/01\/ship_18_amaprima_budapest_gallery-300x200.jpg 300w, https:\/\/gabirossi.com.br\/wp-content\/uploads\/2025\/01\/ship_18_amaprima_budapest_gallery-768x512.jpg 768w, https:\/\/gabirossi.com.br\/wp-content\/uploads\/2025\/01\/ship_18_amaprima_budapest_gallery-18x12.jpg 18w, https:\/\/gabirossi.com.br\/wp-content\/uploads\/2025\/01\/ship_18_amaprima_budapest_gallery.jpg 1500w\" sizes=\"(max-width: 1024px) 100vw, 1024px\" \/>\t\t\t\t\t\t\t\t\t\t\t<figcaption class=\"widget-image-caption wp-caption-text\">Navio AmaPrima da companhia AmaWaterways | Cr\u00e9dito: AmaWaterways<\/figcaption>\n\t\t\t\t\t\t\t\t\t\t<\/figure>\n\t\t\t\t\t\t\t\t\t<\/div>\n\t\t\t\t<\/div>\n\t\t\t\t\t<\/div>\n\t\t\t\t<\/div>\n\t\t<div class=\"elementor-element elementor-element-dca3610 e-flex e-con-boxed e-con e-parent\" data-id=\"dca3610\" data-element_type=\"container\" data-e-type=\"container\">\n\t\t\t\t\t<div class=\"e-con-inner\">\n\t\t\t\t<div class=\"elementor-element elementor-element-3b07fd1 elementor-widget elementor-widget-text-editor\" data-id=\"3b07fd1\" data-element_type=\"widget\" data-e-type=\"widget\" data-widget_type=\"text-editor.default\">\n\t\t\t\t<div class=\"elementor-widget-container\">\n\t\t\t\t\t\t\t\t\t<p>O embarque foi na cidade de Nuremberg, na Alemanha. Bastou sair do avi\u00e3o, entrar no transfere oferecido pela companhia e subir as escadas para o navio. A embarca\u00e7\u00e3o AmaPrima tem capacidade para 162 passageiros e 51 tripulantes. As 81 cabines s\u00e3o espa\u00e7osas, com camas confort\u00e1veis, amenidades, banheiro moderno e, a depender do deck escolhido, varanda ampla.<\/p>\t\t\t\t\t\t\t\t<\/div>\n\t\t\t\t<\/div>\n\t\t\t\t\t<\/div>\n\t\t\t\t<\/div>\n\t\t<div class=\"elementor-element elementor-element-edf7fc4 e-flex e-con-boxed e-con e-parent\" data-id=\"edf7fc4\" data-element_type=\"container\" data-e-type=\"container\">\n\t\t\t\t\t<div class=\"e-con-inner\">\n\t\t\t\t<div class=\"elementor-element elementor-element-b1ece2b elementor-widget elementor-widget-image\" data-id=\"b1ece2b\" data-element_type=\"widget\" data-e-type=\"widget\" data-widget_type=\"image.default\">\n\t\t\t\t<div class=\"elementor-widget-container\">\n\t\t\t\t\t\t\t\t\t\t\t\t<figure class=\"wp-caption\">\n\t\t\t\t\t\t\t\t\t\t<img decoding=\"async\" width=\"1024\" height=\"632\" src=\"https:\/\/gabirossi.com.br\/wp-content\/uploads\/2025\/01\/amaprima-inside-1024x632.jpg\" class=\"attachment-large size-large wp-image-5903\" alt=\"\" srcset=\"https:\/\/gabirossi.com.br\/wp-content\/uploads\/2025\/01\/amaprima-inside-1024x632.jpg 1024w, https:\/\/gabirossi.com.br\/wp-content\/uploads\/2025\/01\/amaprima-inside-300x185.jpg 300w, https:\/\/gabirossi.com.br\/wp-content\/uploads\/2025\/01\/amaprima-inside-768x474.jpg 768w, https:\/\/gabirossi.com.br\/wp-content\/uploads\/2025\/01\/amaprima-inside-1536x948.jpg 1536w, https:\/\/gabirossi.com.br\/wp-content\/uploads\/2025\/01\/amaprima-inside-18x12.jpg 18w, https:\/\/gabirossi.com.br\/wp-content\/uploads\/2025\/01\/amaprima-inside.jpg 1620w\" sizes=\"(max-width: 1024px) 100vw, 1024px\" \/>\t\t\t\t\t\t\t\t\t\t\t<figcaption class=\"widget-image-caption wp-caption-text\">Quarto e \u00e1reas comuns do navio AmaPrima | Cr\u00e9ditos: AmaWaterways<\/figcaption>\n\t\t\t\t\t\t\t\t\t\t<\/figure>\n\t\t\t\t\t\t\t\t\t<\/div>\n\t\t\t\t<\/div>\n\t\t\t\t\t<\/div>\n\t\t\t\t<\/div>\n\t\t<div class=\"elementor-element elementor-element-6d9bc62 e-flex e-con-boxed e-con e-parent\" data-id=\"6d9bc62\" data-element_type=\"container\" data-e-type=\"container\">\n\t\t\t\t\t<div class=\"e-con-inner\">\n\t\t\t\t<div class=\"elementor-element elementor-element-2bb97d2 elementor-widget elementor-widget-text-editor\" data-id=\"2bb97d2\" data-element_type=\"widget\" data-e-type=\"widget\" data-widget_type=\"text-editor.default\">\n\t\t\t\t<div class=\"elementor-widget-container\">\n\t\t\t\t\t\t\t\t\t<p>O ponto alto do navio \u00e9, sem d\u00favida, a gastronomia de excel\u00eancia. Al\u00e9m do restaurante principal, que serve o caf\u00e9 da manh\u00e3 no estilo buffet e as demais refei\u00e7\u00f5es no estilo \u00e0 la carte, o AmaPrima conta com o restaurante Chef&#8217;s Table. Neste segundo espa\u00e7o, os h\u00f3spedes s\u00e3o agraciados com um jantar de sete tempos preparado ao vivo na cozinha aberta. Cada cabine recebe um convite com data e hor\u00e1rio para a experi\u00eancia.<\/p>\t\t\t\t\t\t\t\t<\/div>\n\t\t\t\t<\/div>\n\t\t\t\t\t<\/div>\n\t\t\t\t<\/div>\n\t\t<div class=\"elementor-element elementor-element-763f7ee e-flex e-con-boxed e-con e-parent\" data-id=\"763f7ee\" data-element_type=\"container\" data-e-type=\"container\">\n\t\t\t\t\t<div class=\"e-con-inner\">\n\t\t\t\t<div class=\"elementor-element elementor-element-8f4d540 elementor-widget elementor-widget-image\" data-id=\"8f4d540\" data-element_type=\"widget\" data-e-type=\"widget\" data-widget_type=\"image.default\">\n\t\t\t\t<div class=\"elementor-widget-container\">\n\t\t\t\t\t\t\t\t\t\t\t\t<figure class=\"wp-caption\">\n\t\t\t\t\t\t\t\t\t\t<img decoding=\"async\" width=\"1024\" height=\"665\" src=\"https:\/\/gabirossi.com.br\/wp-content\/uploads\/2025\/01\/cheftable-1024x665.jpg\" class=\"attachment-large size-large wp-image-5904\" alt=\"\" srcset=\"https:\/\/gabirossi.com.br\/wp-content\/uploads\/2025\/01\/cheftable-1024x665.jpg 1024w, https:\/\/gabirossi.com.br\/wp-content\/uploads\/2025\/01\/cheftable-300x195.jpg 300w, https:\/\/gabirossi.com.br\/wp-content\/uploads\/2025\/01\/cheftable-768x499.jpg 768w, https:\/\/gabirossi.com.br\/wp-content\/uploads\/2025\/01\/cheftable-1536x997.jpg 1536w, https:\/\/gabirossi.com.br\/wp-content\/uploads\/2025\/01\/cheftable-18x12.jpg 18w, https:\/\/gabirossi.com.br\/wp-content\/uploads\/2025\/01\/cheftable.jpg 1540w\" sizes=\"(max-width: 1024px) 100vw, 1024px\" \/>\t\t\t\t\t\t\t\t\t\t\t<figcaption class=\"widget-image-caption wp-caption-text\">Restaurante Chef's Table e pratos servidos no AmaPrima | Cr\u00e9ditos: AmaWaterways e Gabi Rossi<\/figcaption>\n\t\t\t\t\t\t\t\t\t\t<\/figure>\n\t\t\t\t\t\t\t\t\t<\/div>\n\t\t\t\t<\/div>\n\t\t\t\t\t<\/div>\n\t\t\t\t<\/div>\n\t\t<div class=\"elementor-element elementor-element-9c8dd0a e-flex e-con-boxed e-con e-parent\" data-id=\"9c8dd0a\" data-element_type=\"container\" data-e-type=\"container\">\n\t\t\t\t\t<div class=\"e-con-inner\">\n\t\t\t\t<div class=\"elementor-element elementor-element-442afeb elementor-widget elementor-widget-text-editor\" data-id=\"442afeb\" data-element_type=\"widget\" data-e-type=\"widget\" data-widget_type=\"text-editor.default\">\n\t\t\t\t<div class=\"elementor-widget-container\">\n\t\t\t\t\t\t\t\t\t<p>Todas as refei\u00e7\u00f5es do AmaPrima, inclusive a experi\u00eancia Chef&#8217;s Table, fazem parte do valor all inclusive. Os pre\u00e7os para as jornadas oferecidas pela AmaWaterways podem ser vistos no <a href=\"https:\/\/www.amawaterways.com\">site<\/a> ou consultados com a nossa <a href=\"https:\/\/gabirossi.com.br\/en\/viajeconosco\/\">equipe de atendimento<\/a>. A embarca\u00e7\u00e3o ainda conta com bar, academia, sal\u00e3o de beleza, spa e piscina aquecida. Todas as noites t\u00eam shows e atra\u00e7\u00f5es como degusta\u00e7\u00e3o de chocolates. N\u00e3o d\u00e1 vontade de desembarcar, mas pode confiar: os passeios oferecidos s\u00e3o encantadores.<\/p>\t\t\t\t\t\t\t\t<\/div>\n\t\t\t\t<\/div>\n\t\t\t\t\t<\/div>\n\t\t\t\t<\/div>\n\t\t<div class=\"elementor-element elementor-element-42c1dd3 e-flex e-con-boxed e-con e-parent\" data-id=\"42c1dd3\" data-element_type=\"container\" data-e-type=\"container\">\n\t\t\t\t\t<div class=\"e-con-inner\">\n\t\t\t\t<div class=\"elementor-element elementor-element-f7f4b1d elementor-widget elementor-widget-image\" data-id=\"f7f4b1d\" data-element_type=\"widget\" data-e-type=\"widget\" data-widget_type=\"image.default\">\n\t\t\t\t<div class=\"elementor-widget-container\">\n\t\t\t\t\t\t\t\t\t\t\t\t<figure class=\"wp-caption\">\n\t\t\t\t\t\t\t\t\t\t<img loading=\"lazy\" decoding=\"async\" width=\"1024\" height=\"584\" src=\"https:\/\/gabirossi.com.br\/wp-content\/uploads\/2025\/01\/passeios-amaprima-1024x584.jpg\" class=\"attachment-large size-large wp-image-5905\" alt=\"\" srcset=\"https:\/\/gabirossi.com.br\/wp-content\/uploads\/2025\/01\/passeios-amaprima-1024x584.jpg 1024w, https:\/\/gabirossi.com.br\/wp-content\/uploads\/2025\/01\/passeios-amaprima-300x171.jpg 300w, https:\/\/gabirossi.com.br\/wp-content\/uploads\/2025\/01\/passeios-amaprima-768x438.jpg 768w, https:\/\/gabirossi.com.br\/wp-content\/uploads\/2025\/01\/passeios-amaprima-18x10.jpg 18w, https:\/\/gabirossi.com.br\/wp-content\/uploads\/2025\/01\/passeios-amaprima.jpg 1300w\" sizes=\"(max-width: 1024px) 100vw, 1024px\" \/>\t\t\t\t\t\t\t\t\t\t\t<figcaption class=\"widget-image-caption wp-caption-text\">Alguns dos passeios oferecidos no roteiro \"Tesouros dos rios Reno e Meno\" | Cr\u00e9ditos: Gabi Rossi<\/figcaption>\n\t\t\t\t\t\t\t\t\t\t<\/figure>\n\t\t\t\t\t\t\t\t\t<\/div>\n\t\t\t\t<\/div>\n\t\t\t\t\t<\/div>\n\t\t\t\t<\/div>\n\t\t<div class=\"elementor-element elementor-element-29e498f e-flex e-con-boxed e-con e-parent\" data-id=\"29e498f\" data-element_type=\"container\" data-e-type=\"container\">\n\t\t\t\t\t<div class=\"e-con-inner\">\n\t\t\t\t<div class=\"elementor-element elementor-element-307c04b elementor-widget elementor-widget-text-editor\" data-id=\"307c04b\" data-element_type=\"widget\" data-e-type=\"widget\" data-widget_type=\"text-editor.default\">\n\t\t\t\t<div class=\"elementor-widget-container\">\n\t\t\t\t\t\t\t\t\t<p>Entre as cidades visitadas est\u00e3o: Bamberg, W\u00fcrzburg e R\u00fcdesheim. Os h\u00f3spedes s\u00e3o divididos em grupos de acordo com o n\u00edvel de esfor\u00e7o f\u00edsico que desejam empenhar no passeio (leve, moderado ou avan\u00e7ado). Entre as atividades oferecidas est\u00e3o tours gastron\u00f4micos, ciclismo, degusta\u00e7\u00e3o de cervejas, aulas sobre a culin\u00e1ria local, visita a pontos tur\u00edsticos e muito mais. Meus favoritos foram a ida ao Castelo de Lahneck (constru\u00eddo no s\u00e9culo XIII) e o passeio de telef\u00e9rico sobre a vin\u00edcola Adolf St\u00f6rzel.<\/p>\t\t\t\t\t\t\t\t<\/div>\n\t\t\t\t<\/div>\n\t\t\t\t\t<\/div>\n\t\t\t\t<\/div>\n\t\t<div class=\"elementor-element elementor-element-8c9fbb0 e-flex e-con-boxed e-con e-parent\" data-id=\"8c9fbb0\" data-element_type=\"container\" data-e-type=\"container\">\n\t\t\t\t\t<div class=\"e-con-inner\">\n\t\t\t\t<div class=\"elementor-element elementor-element-ca97780 elementor-widget elementor-widget-image\" data-id=\"ca97780\" data-element_type=\"widget\" data-e-type=\"widget\" data-widget_type=\"image.default\">\n\t\t\t\t<div class=\"elementor-widget-container\">\n\t\t\t\t\t\t\t\t\t\t\t\t<figure class=\"wp-caption\">\n\t\t\t\t\t\t\t\t\t\t<img loading=\"lazy\" decoding=\"async\" width=\"1024\" height=\"518\" src=\"https:\/\/gabirossi.com.br\/wp-content\/uploads\/2025\/01\/Gabi-Rossi-AmaPrima-1024x518.jpg\" class=\"attachment-large size-large wp-image-5906\" alt=\"\" srcset=\"https:\/\/gabirossi.com.br\/wp-content\/uploads\/2025\/01\/Gabi-Rossi-AmaPrima-1024x518.jpg 1024w, https:\/\/gabirossi.com.br\/wp-content\/uploads\/2025\/01\/Gabi-Rossi-AmaPrima-300x152.jpg 300w, https:\/\/gabirossi.com.br\/wp-content\/uploads\/2025\/01\/Gabi-Rossi-AmaPrima-768x389.jpg 768w, https:\/\/gabirossi.com.br\/wp-content\/uploads\/2025\/01\/Gabi-Rossi-AmaPrima-18x9.jpg 18w, https:\/\/gabirossi.com.br\/wp-content\/uploads\/2025\/01\/Gabi-Rossi-AmaPrima.jpg 1500w\" sizes=\"(max-width: 1024px) 100vw, 1024px\" \/>\t\t\t\t\t\t\t\t\t\t\t<figcaption class=\"widget-image-caption wp-caption-text\">Gabi Rossi desfrutando da embarca\u00e7\u00e3o AmaPrima da companhia AmaWaterways | Cr\u00e9ditos: Gabi Rossi<\/figcaption>\n\t\t\t\t\t\t\t\t\t\t<\/figure>\n\t\t\t\t\t\t\t\t\t<\/div>\n\t\t\t\t<\/div>\n\t\t\t\t\t<\/div>\n\t\t\t\t<\/div>\n\t\t<div class=\"elementor-element elementor-element-2381b7d e-flex e-con-boxed e-con e-parent\" data-id=\"2381b7d\" data-element_type=\"container\" data-e-type=\"container\">\n\t\t\t\t\t<div class=\"e-con-inner\">\n\t\t\t\t<div class=\"elementor-element elementor-element-6634e06 elementor-widget elementor-widget-text-editor\" data-id=\"6634e06\" data-element_type=\"widget\" data-e-type=\"widget\" data-widget_type=\"text-editor.default\">\n\t\t\t\t<div class=\"elementor-widget-container\">\n\t\t\t\t\t\t\t\t\t<p>O ponto de desembarque \u00e9 em Amsterdam, na Holanda, onde os h\u00f3spedes podem optar por ficar por alguns dias ou seguir para o aeroporto. Minha avalia\u00e7\u00e3o da embarca\u00e7\u00e3o AmaPrima da companhia AmaWaterways s\u00f3 conta com aspectos positivos. O que mais me cativou, al\u00e9m do servi\u00e7o de primeira, foi a gastronomia e a limpeza. Todos os ambientes estavam sempre impec\u00e1veis. N\u00e3o vejo a hora de explorar outros rios com a companhia.<\/p><p>E, claro, para que toda esta experi\u00eancia seja tranquila e com muita seguran\u00e7a, n\u00e3o se esque\u00e7a de optar pelo seguro viagem ideal para o destino escolhido. Eu conto com a <a href=\"https:\/\/www.segurogta.com.br\/2020\/home\/\">GTA Travel Assistance<\/a>, que oferece planos que cobrem desde a perda de bagagem at\u00e9 despesas m\u00e9dicas. Entre em contato com a nossa <a href=\"https:\/\/gabirossi.com.br\/en\/viajeconosco\/\">equipe de atendimento<\/a> para contratar.<br \/><br \/>Ao retornar a minha cozinha no Brasil, fiz a minha vers\u00e3o de <a href=\"https:\/\/gabirossi.com.br\/en\/direto-da-alemanha-floresta-negra\/\">&#8216;Bolo Floresta Negra&#8217;<\/a>, uma sobremesa t\u00edpica da Alemanha. Confira no v\u00eddeo a viagem e a receita inspirada na jornada:<\/p>\t\t\t\t\t\t\t\t<\/div>\n\t\t\t\t<\/div>\n\t\t\t\t\t<\/div>\n\t\t\t\t<\/div>\n\t\t<div class=\"elementor-element elementor-element-218d670 e-flex e-con-boxed e-con e-parent\" data-id=\"218d670\" data-element_type=\"container\" data-e-type=\"container\">\n\t\t\t\t\t<div class=\"e-con-inner\">\n\t\t\t\t<div class=\"elementor-element elementor-element-26e5f7e elementor-widget elementor-widget-video\" data-id=\"26e5f7e\" data-element_type=\"widget\" data-e-type=\"widget\" data-settings=\"{&quot;youtube_url&quot;:&quot;https:\\\/\\\/www.youtube.com\\\/watch?v=v2Zu4Sumkm0&quot;,&quot;video_type&quot;:&quot;youtube&quot;,&quot;controls&quot;:&quot;yes&quot;}\" data-widget_type=\"video.default\">\n\t\t\t\t<div class=\"elementor-widget-container\">\n\t\t\t\t\t\t\t<div class=\"elementor-wrapper elementor-open-inline\">\n\t\t\t<div class=\"elementor-video\"><\/div>\t\t<\/div>\n\t\t\t\t\t\t<\/div>\n\t\t\t\t<\/div>\n\t\t\t\t\t<\/div>\n\t\t\t\t<\/div>\n\t\t\t\t<\/div>","protected":false},"excerpt":{"rendered":"<p>J\u00e1 ouviu falar em cruzeiro &#8220;fluvial&#8221; ou &#8220;em rio&#8221;? Para quem n\u00e3o est\u00e1 habituado ao balan\u00e7o das ondas ou a ficar muitos dias em alto mar, \u00e9 o cruzeiro perfeito! \u00c0 convite da AmaWaterways, refer\u00eancia em cruzeiros de luxo em rios, embarquei no roteiro denominado &#8220;Tesouros dos rios Reno e Meno&#8220;. Com dura\u00e7\u00e3o de 7 [&hellip;]<\/p>","protected":false},"author":3,"featured_media":5900,"comment_status":"open","ping_status":"open","sticky":false,"template":"","format":"standard","meta":{"footnotes":""},"categories":[15],"tags":[32,35,34,33,29,30,31],"class_list":["post-5899","post","type-post","status-publish","format-standard","has-post-thumbnail","hentry","category-viagens","tag-alemanha","tag-amaprima","tag-amawaterways","tag-amsterdam","tag-cruzeiro","tag-fluvial","tag-rio"],"_links":{"self":[{"href":"https:\/\/gabirossi.com.br\/en\/wp-json\/wp\/v2\/posts\/5899","targetHints":{"allow":["GET"]}}],"collection":[{"href":"https:\/\/gabirossi.com.br\/en\/wp-json\/wp\/v2\/posts"}],"about":[{"href":"https:\/\/gabirossi.com.br\/en\/wp-json\/wp\/v2\/types\/post"}],"author":[{"embeddable":true,"href":"https:\/\/gabirossi.com.br\/en\/wp-json\/wp\/v2\/users\/3"}],"replies":[{"embeddable":true,"href":"https:\/\/gabirossi.com.br\/en\/wp-json\/wp\/v2\/comments?post=5899"}],"version-history":[{"count":10,"href":"https:\/\/gabirossi.com.br\/en\/wp-json\/wp\/v2\/posts\/5899\/revisions"}],"predecessor-version":[{"id":6012,"href":"https:\/\/gabirossi.com.br\/en\/wp-json\/wp\/v2\/posts\/5899\/revisions\/6012"}],"wp:featuredmedia":[{"embeddable":true,"href":"https:\/\/gabirossi.com.br\/en\/wp-json\/wp\/v2\/media\/5900"}],"wp:attachment":[{"href":"https:\/\/gabirossi.com.br\/en\/wp-json\/wp\/v2\/media?parent=5899"}],"wp:term":[{"taxonomy":"category","embeddable":true,"href":"https:\/\/gabirossi.com.br\/en\/wp-json\/wp\/v2\/categories?post=5899"},{"taxonomy":"post_tag","embeddable":true,"href":"https:\/\/gabirossi.com.br\/en\/wp-json\/wp\/v2\/tags?post=5899"}],"curies":[{"name":"wp","href":"https:\/\/api.w.org\/{rel}","templated":true}]}}