{"id":5947,"date":"2025-01-21T01:43:05","date_gmt":"2025-01-21T01:43:05","guid":{"rendered":"https:\/\/gabirossi.com.br\/?p=5947"},"modified":"2025-03-28T14:08:38","modified_gmt":"2025-03-28T14:08:38","slug":"navegacao-pela-espanha-vinho-do-mar-e-copa-america","status":"publish","type":"post","link":"https:\/\/gabirossi.com.br\/en\/navegacao-pela-espanha-vinho-do-mar-e-copa-america\/","title":{"rendered":"Navega\u00e7\u00e3o pela Espanha: Vinho do Mar e Copa Am\u00e9rica"},"content":{"rendered":"<div data-elementor-type=\"wp-post\" data-elementor-id=\"5947\" class=\"elementor elementor-5947\" data-elementor-post-type=\"post\">\n\t\t\t\t<div class=\"elementor-element elementor-element-8f8f3da e-flex e-con-boxed e-con e-parent\" data-id=\"8f8f3da\" data-element_type=\"container\" data-e-type=\"container\">\n\t\t\t\t\t<div class=\"e-con-inner\">\n\t\t\t\t<div class=\"elementor-element elementor-element-13cf254 elementor-widget elementor-widget-text-editor\" data-id=\"13cf254\" data-element_type=\"widget\" data-e-type=\"widget\" data-widget_type=\"text-editor.default\">\n\t\t\t\t<div class=\"elementor-widget-container\">\n\t\t\t\t\t\t\t\t\t<p>A convite da <a href=\"https:\/\/www.catalunya.com\/\">Ag\u00e8ncia Catalana de Turisme<\/a>, fomos at\u00e9 a <strong>Espanha<\/strong> navegar para navegar pelas \u00e1guas da <strong>Catalunha<\/strong> e saborear as bebidas e pratos tradicionais. Tivemos a sorte de acompanhar a <a href=\"https:\/\/www.americascup.com\/\">America&#8217;s Cup (Copa Am\u00e9rica)<\/a>, maior competi\u00e7\u00e3o de vela do mundo, enquanto est\u00e1vamos em Barcelona. Tamb\u00e9m fomos surpreendidos com um vinho envelhecido no fundo do mar na regi\u00e3o da Costa Brava. Por fim, um almo\u00e7o 2 estrelas Michelin no restaurante <a href=\"https:\/\/www.mandarinoriental.com\/en\/madrid\/hotel-ritz\/dine\/deessa\">Deessa<\/a> encerrou a jornada com chave de ouro.<\/p>\t\t\t\t\t\t\t\t<\/div>\n\t\t\t\t<\/div>\n\t\t\t\t\t<\/div>\n\t\t\t\t<\/div>\n\t\t<div class=\"elementor-element elementor-element-30b5809 e-flex e-con-boxed e-con e-parent\" data-id=\"30b5809\" data-element_type=\"container\" data-e-type=\"container\">\n\t\t\t\t\t<div class=\"e-con-inner\">\n\t\t\t\t<div class=\"elementor-element elementor-element-9297c17 elementor-widget elementor-widget-image\" data-id=\"9297c17\" data-element_type=\"widget\" data-e-type=\"widget\" data-widget_type=\"image.default\">\n\t\t\t\t<div class=\"elementor-widget-container\">\n\t\t\t\t\t\t\t\t\t\t\t\t<figure class=\"wp-caption\">\n\t\t\t\t\t\t\t\t\t\t<img fetchpriority=\"high\" decoding=\"async\" width=\"1000\" height=\"1000\" src=\"https:\/\/gabirossi.com.br\/wp-content\/uploads\/2025\/01\/Gabi-Espanha-barco-Quadrado.jpg\" class=\"attachment-large size-large wp-image-5948\" alt=\"\" srcset=\"https:\/\/gabirossi.com.br\/wp-content\/uploads\/2025\/01\/Gabi-Espanha-barco-Quadrado.jpg 1000w, https:\/\/gabirossi.com.br\/wp-content\/uploads\/2025\/01\/Gabi-Espanha-barco-Quadrado-300x300.jpg 300w, https:\/\/gabirossi.com.br\/wp-content\/uploads\/2025\/01\/Gabi-Espanha-barco-Quadrado-150x150.jpg 150w, https:\/\/gabirossi.com.br\/wp-content\/uploads\/2025\/01\/Gabi-Espanha-barco-Quadrado-768x768.jpg 768w, https:\/\/gabirossi.com.br\/wp-content\/uploads\/2025\/01\/Gabi-Espanha-barco-Quadrado-12x12.jpg 12w\" sizes=\"(max-width: 1000px) 100vw, 1000px\" \/>\t\t\t\t\t\t\t\t\t\t\t<figcaption class=\"widget-image-caption wp-caption-text\">Gabi Rossi navegando pela Costa Brava na Espanha | Foto: Gabi Rossi<\/figcaption>\n\t\t\t\t\t\t\t\t\t\t<\/figure>\n\t\t\t\t\t\t\t\t\t<\/div>\n\t\t\t\t<\/div>\n\t\t\t\t\t<\/div>\n\t\t\t\t<\/div>\n\t\t<div class=\"elementor-element elementor-element-0e439d5 e-flex e-con-boxed e-con e-parent\" data-id=\"0e439d5\" data-element_type=\"container\" data-e-type=\"container\">\n\t\t\t\t\t<div class=\"e-con-inner\">\n\t\t\t\t<div class=\"elementor-element elementor-element-884ee5e elementor-widget elementor-widget-text-editor\" data-id=\"884ee5e\" data-element_type=\"widget\" data-e-type=\"widget\" data-widget_type=\"text-editor.default\">\n\t\t\t\t<div class=\"elementor-widget-container\">\n\t\t\t\t\t\t\t\t\t<p>Nossa experi\u00eancia come\u00e7ou logo no aeroporto. A companhia a\u00e9rea <a href=\"https:\/\/www.aireuropa.com\/br\/br\/home\">Air Europa<\/a> nos convidou a conhecer a Classe Executiva do Boeing 787 Dreamliner. O conforto e a gastronomia s\u00e3o admir\u00e1veis. Al\u00e9m do card\u00e1pio tradicional, a cia ainda oferece o &#8216;Menu Air&#8217; com ainda mais op\u00e7\u00f5es saborosas para desfrutar ao longo das 10 horas de v\u00f4o (trajeto Guarulhos &#8211; Madrid). N\u00e3o faltam op\u00e7\u00f5es de entretenimento, al\u00e9m de comodidades e muito espa\u00e7o (assento reclin\u00e1vel 180 graus, que vira uma cama).<\/p>\t\t\t\t\t\t\t\t<\/div>\n\t\t\t\t<\/div>\n\t\t\t\t\t<\/div>\n\t\t\t\t<\/div>\n\t\t<div class=\"elementor-element elementor-element-fc41d11 e-flex e-con-boxed e-con e-parent\" data-id=\"fc41d11\" data-element_type=\"container\" data-e-type=\"container\">\n\t\t\t\t\t<div class=\"e-con-inner\">\n\t\t\t\t<div class=\"elementor-element elementor-element-431a21c elementor-widget elementor-widget-image\" data-id=\"431a21c\" data-element_type=\"widget\" data-e-type=\"widget\" data-widget_type=\"image.default\">\n\t\t\t\t<div class=\"elementor-widget-container\">\n\t\t\t\t\t\t\t\t\t\t\t\t<figure class=\"wp-caption\">\n\t\t\t\t\t\t\t\t\t\t<img decoding=\"async\" width=\"1024\" height=\"333\" src=\"https:\/\/gabirossi.com.br\/wp-content\/uploads\/2025\/01\/gabi-air-site-1024x333.jpg\" class=\"attachment-large size-large wp-image-5950\" alt=\"\" srcset=\"https:\/\/gabirossi.com.br\/wp-content\/uploads\/2025\/01\/gabi-air-site-1024x333.jpg 1024w, https:\/\/gabirossi.com.br\/wp-content\/uploads\/2025\/01\/gabi-air-site-300x98.jpg 300w, https:\/\/gabirossi.com.br\/wp-content\/uploads\/2025\/01\/gabi-air-site-768x250.jpg 768w, https:\/\/gabirossi.com.br\/wp-content\/uploads\/2025\/01\/gabi-air-site-18x6.jpg 18w, https:\/\/gabirossi.com.br\/wp-content\/uploads\/2025\/01\/gabi-air-site.jpg 1300w\" sizes=\"(max-width: 1024px) 100vw, 1024px\" \/>\t\t\t\t\t\t\t\t\t\t\t<figcaption class=\"widget-image-caption wp-caption-text\">Gabi Rossi experimentando a Classe Executiva da Air Europa | Foto: Air Europa &amp; Gabi Rossi<\/figcaption>\n\t\t\t\t\t\t\t\t\t\t<\/figure>\n\t\t\t\t\t\t\t\t\t<\/div>\n\t\t\t\t<\/div>\n\t\t\t\t\t<\/div>\n\t\t\t\t<\/div>\n\t\t<div class=\"elementor-element elementor-element-af36102 e-flex e-con-boxed e-con e-parent\" data-id=\"af36102\" data-element_type=\"container\" data-e-type=\"container\">\n\t\t\t\t\t<div class=\"e-con-inner\">\n\t\t\t\t<div class=\"elementor-element elementor-element-23e0843 elementor-widget elementor-widget-text-editor\" data-id=\"23e0843\" data-element_type=\"widget\" data-e-type=\"widget\" data-widget_type=\"text-editor.default\">\n\t\t\t\t<div class=\"elementor-widget-container\">\n\t\t\t\t\t\t\t\t\t<p>Ao pousar em Madrid, logo pegamos um r\u00e1pido v\u00f4o para <strong>Barcelona<\/strong>, j\u00e1 que o <a href=\"https:\/\/majestichotelgroup.com\/en\/barcelona\/hotel-majestic\">Majestic Hotel<\/a> nos esperava para uma noite de descanso. Os quartos confort\u00e1veis foram perfeitos para um descanso revigorante. No dia seguinte, fomos ao porto para assistir a um dia de competi\u00e7\u00e3o da America&#8217;s Cup.<\/p>\t\t\t\t\t\t\t\t<\/div>\n\t\t\t\t<\/div>\n\t\t\t\t\t<\/div>\n\t\t\t\t<\/div>\n\t\t<div class=\"elementor-element elementor-element-43e286e e-flex e-con-boxed e-con e-parent\" data-id=\"43e286e\" data-element_type=\"container\" data-e-type=\"container\">\n\t\t\t\t\t<div class=\"e-con-inner\">\n\t\t\t\t<div class=\"elementor-element elementor-element-94a772e elementor-widget elementor-widget-image\" data-id=\"94a772e\" data-element_type=\"widget\" data-e-type=\"widget\" data-widget_type=\"image.default\">\n\t\t\t\t<div class=\"elementor-widget-container\">\n\t\t\t\t\t\t\t\t\t\t\t\t<figure class=\"wp-caption\">\n\t\t\t\t\t\t\t\t\t\t<img decoding=\"async\" src=\"https:\/\/gabirossi.com.br\/wp-content\/uploads\/2025\/01\/BARCELONA-MAJESTIC.png\" title=\"BARCELONA MAJESTIC\" alt=\"BARCELONA MAJESTIC\" loading=\"lazy\" \/>\t\t\t\t\t\t\t\t\t\t\t<figcaption class=\"widget-image-caption wp-caption-text\">Quarto do luxuoso Majestic Hotel em Barcelona | Fotos: Majestic Hotel &amp; vunavgallery (Envato)<\/figcaption>\n\t\t\t\t\t\t\t\t\t\t<\/figure>\n\t\t\t\t\t\t\t\t\t<\/div>\n\t\t\t\t<\/div>\n\t\t\t\t\t<\/div>\n\t\t\t\t<\/div>\n\t\t<div class=\"elementor-element elementor-element-441b6f2 e-flex e-con-boxed e-con e-parent\" data-id=\"441b6f2\" data-element_type=\"container\" data-e-type=\"container\">\n\t\t\t\t\t<div class=\"e-con-inner\">\n\t\t\t\t<div class=\"elementor-element elementor-element-ca47344 elementor-widget elementor-widget-text-editor\" data-id=\"ca47344\" data-element_type=\"widget\" data-e-type=\"widget\" data-widget_type=\"text-editor.default\">\n\t\t\t\t<div class=\"elementor-widget-container\">\n\t\t\t\t\t\t\t\t\t<p>A <strong>America&#8217;s Cup<\/strong> ou &#8220;Copa Am\u00e9rica&#8221; \u00e9 a competi\u00e7\u00e3o mais importante de vela do mundo. \u00c9 considerada a &#8220;F\u00f3rmula 1 dos 7 Mares&#8221;. Para acompanhar um dia de competi\u00e7\u00e3o de forma VIP, solicitamos um <a href=\"https:\/\/www.barcelonacapitalnautica.org\/\">barco el\u00e9tric<\/a><a href=\"https:\/\/www.barcelonacapitalnautica.org\/\">o<\/a> que nos levou a alto mar. Apesar do mau tempo, conseguimos sentir a beleza e a emo\u00e7\u00e3o do campeonato.<\/p>\t\t\t\t\t\t\t\t<\/div>\n\t\t\t\t<\/div>\n\t\t\t\t\t<\/div>\n\t\t\t\t<\/div>\n\t\t<div class=\"elementor-element elementor-element-85bfd76 e-flex e-con-boxed e-con e-parent\" data-id=\"85bfd76\" data-element_type=\"container\" data-e-type=\"container\">\n\t\t\t\t\t<div class=\"e-con-inner\">\n\t\t\t\t<div class=\"elementor-element elementor-element-9b4583f elementor-widget elementor-widget-image\" data-id=\"9b4583f\" data-element_type=\"widget\" data-e-type=\"widget\" data-widget_type=\"image.default\">\n\t\t\t\t<div class=\"elementor-widget-container\">\n\t\t\t\t\t\t\t\t\t\t\t\t<figure class=\"wp-caption\">\n\t\t\t\t\t\t\t\t\t\t<img decoding=\"async\" src=\"https:\/\/gabirossi.com.br\/wp-content\/uploads\/2025\/01\/americas-cup.jpg\" title=\"37 America\u2019s Cup &#8211; Louis Vuitton Cup &#8211; Final Race Day 2\" alt=\"September 28, 2024. Louis Vuitton Cup, Final Race Day 2.\" loading=\"lazy\" \/>\t\t\t\t\t\t\t\t\t\t\t<figcaption class=\"widget-image-caption wp-caption-text\">America's Cup (Copa Am\u00e9rica): a meior competi\u00e7\u00e3o de vela do mundo | Fotos: Ian Roman &amp; Ivo Rovira<\/figcaption>\n\t\t\t\t\t\t\t\t\t\t<\/figure>\n\t\t\t\t\t\t\t\t\t<\/div>\n\t\t\t\t<\/div>\n\t\t\t\t\t<\/div>\n\t\t\t\t<\/div>\n\t\t<div class=\"elementor-element elementor-element-72537e3 e-flex e-con-boxed e-con e-parent\" data-id=\"72537e3\" data-element_type=\"container\" data-e-type=\"container\">\n\t\t\t\t\t<div class=\"e-con-inner\">\n\t\t\t\t<div class=\"elementor-element elementor-element-43d5223 elementor-widget elementor-widget-text-editor\" data-id=\"43d5223\" data-element_type=\"widget\" data-e-type=\"widget\" data-widget_type=\"text-editor.default\">\n\t\t\t\t<div class=\"elementor-widget-container\">\n\t\t\t\t\t\t\t\t\t<p>O objetivo da primeira parte da viagem foi explorar as \u00e1guas da Catalunha (regi\u00e3o no nordeste da Espanha). Ent\u00e3o, nos despedimos de Barcelona e seguimos para a <strong>Costa Brava<\/strong>, costa espanhola da prov\u00edncia de Girona. Um r\u00e1pido descanso no <a href=\"https:\/\/www.lagavina.com\/\">Hostal de La Gavina<\/a> nos revitalizou para fazermos mais uma navega\u00e7\u00e3o.\u00a0<\/p>\t\t\t\t\t\t\t\t<\/div>\n\t\t\t\t<\/div>\n\t\t\t\t\t<\/div>\n\t\t\t\t<\/div>\n\t\t<div class=\"elementor-element elementor-element-99618cc e-flex e-con-boxed e-con e-parent\" data-id=\"99618cc\" data-element_type=\"container\" data-e-type=\"container\">\n\t\t\t\t\t<div class=\"e-con-inner\">\n\t\t\t\t<div class=\"elementor-element elementor-element-53a05e7 elementor-widget elementor-widget-image\" data-id=\"53a05e7\" data-element_type=\"widget\" data-e-type=\"widget\" data-widget_type=\"image.default\">\n\t\t\t\t<div class=\"elementor-widget-container\">\n\t\t\t\t\t\t\t\t\t\t\t\t<figure class=\"wp-caption\">\n\t\t\t\t\t\t\t\t\t\t<img decoding=\"async\" width=\"1024\" height=\"386\" src=\"https:\/\/gabirossi.com.br\/wp-content\/uploads\/2025\/01\/La-Gavina-Rossi-1024x386.jpg\" class=\"attachment-large size-large wp-image-5953\" alt=\"\" srcset=\"https:\/\/gabirossi.com.br\/wp-content\/uploads\/2025\/01\/La-Gavina-Rossi-1024x386.jpg 1024w, https:\/\/gabirossi.com.br\/wp-content\/uploads\/2025\/01\/La-Gavina-Rossi-300x113.jpg 300w, https:\/\/gabirossi.com.br\/wp-content\/uploads\/2025\/01\/La-Gavina-Rossi-768x289.jpg 768w, https:\/\/gabirossi.com.br\/wp-content\/uploads\/2025\/01\/La-Gavina-Rossi-18x7.jpg 18w, https:\/\/gabirossi.com.br\/wp-content\/uploads\/2025\/01\/La-Gavina-Rossi.jpg 1300w\" sizes=\"(max-width: 1024px) 100vw, 1024px\" \/>\t\t\t\t\t\t\t\t\t\t\t<figcaption class=\"widget-image-caption wp-caption-text\">Hostal de La Gavina: hotel cl\u00e1ssico e sofisticado na Costa Brava | Fotos: Gabi Rossi &amp; Hostal de La Gavina<\/figcaption>\n\t\t\t\t\t\t\t\t\t\t<\/figure>\n\t\t\t\t\t\t\t\t\t<\/div>\n\t\t\t\t<\/div>\n\t\t\t\t\t<\/div>\n\t\t\t\t<\/div>\n\t\t<div class=\"elementor-element elementor-element-81c2f7e e-flex e-con-boxed e-con e-parent\" data-id=\"81c2f7e\" data-element_type=\"container\" data-e-type=\"container\">\n\t\t\t\t\t<div class=\"e-con-inner\">\n\t\t\t\t<div class=\"elementor-element elementor-element-7dc07f7 elementor-widget elementor-widget-text-editor\" data-id=\"7dc07f7\" data-element_type=\"widget\" data-e-type=\"widget\" data-widget_type=\"text-editor.default\">\n\t\t\t\t<div class=\"elementor-widget-container\">\n\t\t\t\t\t\t\t\t\t<p>Sa\u00edmos do porto da cidade de <strong>Rosas<\/strong> em um barco pequeno e confort\u00e1vel providenciado pela simp\u00e1tica Vero, da <a href=\"https:\/\/veromedinaevents.com\/\">Vero Medina Events<\/a>. Desta vez, tivemos muita sorte com o tempo e conseguimos apreciar as belezas enquanto degustamos <strong>fideu\u00e1<\/strong> (&#8220;paella&#8221; catal\u00e3 que leva macarr\u00e3o no lugar do arroz) e um<strong> vinho envelhecido<\/strong> por 9 meses no fundo do mar. A aus\u00eancia de luz e oxig\u00eanio, faz com que os aromas do vinho fiquem mais abertos.<\/p>\t\t\t\t\t\t\t\t<\/div>\n\t\t\t\t<\/div>\n\t\t\t\t\t<\/div>\n\t\t\t\t<\/div>\n\t\t<div class=\"elementor-element elementor-element-7fc301d e-flex e-con-boxed e-con e-parent\" data-id=\"7fc301d\" data-element_type=\"container\" data-e-type=\"container\">\n\t\t\t\t\t<div class=\"e-con-inner\">\n\t\t\t\t<div class=\"elementor-element elementor-element-6b49551 elementor-widget elementor-widget-image\" data-id=\"6b49551\" data-element_type=\"widget\" data-e-type=\"widget\" data-widget_type=\"image.default\">\n\t\t\t\t<div class=\"elementor-widget-container\">\n\t\t\t\t\t\t\t\t\t\t\t\t<figure class=\"wp-caption\">\n\t\t\t\t\t\t\t\t\t\t<img loading=\"lazy\" decoding=\"async\" width=\"1000\" height=\"633\" src=\"https:\/\/gabirossi.com.br\/wp-content\/uploads\/2025\/01\/Rosas-Navegacao.jpg\" class=\"attachment-large size-large wp-image-5954\" alt=\"\" srcset=\"https:\/\/gabirossi.com.br\/wp-content\/uploads\/2025\/01\/Rosas-Navegacao.jpg 1000w, https:\/\/gabirossi.com.br\/wp-content\/uploads\/2025\/01\/Rosas-Navegacao-300x190.jpg 300w, https:\/\/gabirossi.com.br\/wp-content\/uploads\/2025\/01\/Rosas-Navegacao-768x486.jpg 768w, https:\/\/gabirossi.com.br\/wp-content\/uploads\/2025\/01\/Rosas-Navegacao-18x12.jpg 18w\" sizes=\"(max-width: 1000px) 100vw, 1000px\" \/>\t\t\t\t\t\t\t\t\t\t\t<figcaption class=\"widget-image-caption wp-caption-text\">Fideu\u00e1 e garrafa de vinho envelhecido no mar servidos em navega\u00e7\u00e3o por Rosas | Fotos: Gabi Rossi<\/figcaption>\n\t\t\t\t\t\t\t\t\t\t<\/figure>\n\t\t\t\t\t\t\t\t\t<\/div>\n\t\t\t\t<\/div>\n\t\t\t\t\t<\/div>\n\t\t\t\t<\/div>\n\t\t<div class=\"elementor-element elementor-element-f64545d e-flex e-con-boxed e-con e-parent\" data-id=\"f64545d\" data-element_type=\"container\" data-e-type=\"container\">\n\t\t\t\t\t<div class=\"e-con-inner\">\n\t\t\t\t<div class=\"elementor-element elementor-element-7ff9a40 elementor-widget elementor-widget-text-editor\" data-id=\"7ff9a40\" data-element_type=\"widget\" data-e-type=\"widget\" data-widget_type=\"text-editor.default\">\n\t\t\t\t<div class=\"elementor-widget-container\">\n\t\t\t\t\t\t\t\t\t<p>Ap\u00f3s pisarmos em terra firme, um r\u00e1pido v\u00f4o nos levou at\u00e9 Madrid onde fomos recebidos no restaurante <strong>Deessa<\/strong>, do chef Quique Dacosta, com duas estrelas Michelin. Participamos do &#8220;Menu Hist\u00f3rico&#8221;, experi\u00eancia que traz os pratos mais famosos do chef Quique. Entre os destaques, est\u00e1 a gaiola de quitutes, que inspirou a nossa receita de <a href=\"https:\/\/gabirossi.com.br\/en\/receita-churros-da-catalunha-em-gaiola\/\">Churros na Gaiola<\/a>.<\/p>\t\t\t\t\t\t\t\t<\/div>\n\t\t\t\t<\/div>\n\t\t\t\t\t<\/div>\n\t\t\t\t<\/div>\n\t\t<div class=\"elementor-element elementor-element-c2aebcb e-flex e-con-boxed e-con e-parent\" data-id=\"c2aebcb\" data-element_type=\"container\" data-e-type=\"container\">\n\t\t\t\t\t<div class=\"e-con-inner\">\n\t\t\t\t<div class=\"elementor-element elementor-element-9be6fd7 elementor-widget elementor-widget-image\" data-id=\"9be6fd7\" data-element_type=\"widget\" data-e-type=\"widget\" data-widget_type=\"image.default\">\n\t\t\t\t<div class=\"elementor-widget-container\">\n\t\t\t\t\t\t\t\t\t\t\t\t\t\t\t<img loading=\"lazy\" decoding=\"async\" width=\"1024\" height=\"437\" src=\"https:\/\/gabirossi.com.br\/wp-content\/uploads\/2025\/01\/Deessa-site-1024x437.jpg\" class=\"attachment-large size-large wp-image-5955\" alt=\"\" srcset=\"https:\/\/gabirossi.com.br\/wp-content\/uploads\/2025\/01\/Deessa-site-1024x437.jpg 1024w, https:\/\/gabirossi.com.br\/wp-content\/uploads\/2025\/01\/Deessa-site-300x128.jpg 300w, https:\/\/gabirossi.com.br\/wp-content\/uploads\/2025\/01\/Deessa-site-768x328.jpg 768w, https:\/\/gabirossi.com.br\/wp-content\/uploads\/2025\/01\/Deessa-site-18x8.jpg 18w, https:\/\/gabirossi.com.br\/wp-content\/uploads\/2025\/01\/Deessa-site.jpg 1405w\" sizes=\"(max-width: 1024px) 100vw, 1024px\" \/>\t\t\t\t\t\t\t\t\t\t\t\t\t\t\t<\/div>\n\t\t\t\t<\/div>\n\t\t\t\t\t<\/div>\n\t\t\t\t<\/div>\n\t\t<div class=\"elementor-element elementor-element-3ccb344 e-flex e-con-boxed e-con e-parent\" data-id=\"3ccb344\" data-element_type=\"container\" data-e-type=\"container\">\n\t\t\t\t\t<div class=\"e-con-inner\">\n\t\t\t\t<div class=\"elementor-element elementor-element-42d8fda elementor-widget elementor-widget-text-editor\" data-id=\"42d8fda\" data-element_type=\"widget\" data-e-type=\"widget\" data-widget_type=\"text-editor.default\">\n\t\t\t\t<div class=\"elementor-widget-container\">\n\t\t\t\t\t\t\t\t\t<p>A Espanha realmente \u00e9 uma terra encantadora. Tanto nas ruas quanto nas \u00e1guas, \u00e9 poss\u00edvel desfrutar de muita cultura e gastronomia. A \u00fanica parte que n\u00e3o gostei, foi a de ter que ir embora. N\u00e3o vejo a hora de voltar e navegar ainda mais por este pa\u00eds que ganhou meu cora\u00e7\u00e3o!\u00a0<br \/><br \/>E, claro, para que toda esta experi\u00eancia acontecesse com tranquilidade e seguran\u00e7a, contei com a <a href=\"https:\/\/www.segurogta.com.br\/2020\/home\/\">GTA Travel Assistance<\/a>, que oferece planos que cobrem desde a perda de bagagem at\u00e9 despesas m\u00e9dicas. Entre em contato com a nossa <a href=\"https:\/\/gabirossi.com.br\/en\/viajeconosco\/\">equipe de atendimento<\/a> para saber mais e planejar sua viagem dos sonhos com a gente!<br \/><br \/>Ao retornar a minha cozinha no Brasil, fiz a minha vers\u00e3o de <a href=\"https:\/\/gabirossi.com.br\/en\/receita-churros-da-catalunha-em-gaiola\/\">&#8216;churros espanh\u00f3is com calda de chocolate&#8217;<\/a>. Confira no v\u00eddeo a viagem e a receita inspirada na jornada:<\/p>\t\t\t\t\t\t\t\t<\/div>\n\t\t\t\t<\/div>\n\t\t\t\t\t<\/div>\n\t\t\t\t<\/div>\n\t\t<div class=\"elementor-element elementor-element-1f72c92 e-flex e-con-boxed e-con e-parent\" data-id=\"1f72c92\" data-element_type=\"container\" data-e-type=\"container\">\n\t\t\t\t\t<div class=\"e-con-inner\">\n\t\t\t\t<div class=\"elementor-element elementor-element-4133090 elementor-widget elementor-widget-video\" data-id=\"4133090\" data-element_type=\"widget\" data-e-type=\"widget\" data-settings=\"{&quot;youtube_url&quot;:&quot;https:\\\/\\\/www.youtube.com\\\/watch?v=FXaQAIM-xSM&quot;,&quot;video_type&quot;:&quot;youtube&quot;,&quot;controls&quot;:&quot;yes&quot;}\" data-widget_type=\"video.default\">\n\t\t\t\t<div class=\"elementor-widget-container\">\n\t\t\t\t\t\t\t<div class=\"elementor-wrapper elementor-open-inline\">\n\t\t\t<div class=\"elementor-video\"><\/div>\t\t<\/div>\n\t\t\t\t\t\t<\/div>\n\t\t\t\t<\/div>\n\t\t\t\t\t<\/div>\n\t\t\t\t<\/div>\n\t\t\t\t<\/div>","protected":false},"excerpt":{"rendered":"<p>A convite da Ag\u00e8ncia Catalana de Turisme, fomos at\u00e9 a Espanha navegar para navegar pelas \u00e1guas da Catalunha e saborear as bebidas e pratos tradicionais. Tivemos a sorte de acompanhar a America&#8217;s Cup (Copa Am\u00e9rica), maior competi\u00e7\u00e3o de vela do mundo, enquanto est\u00e1vamos em Barcelona. Tamb\u00e9m fomos surpreendidos com um vinho envelhecido no fundo do [&hellip;]<\/p>","protected":false},"author":3,"featured_media":5948,"comment_status":"open","ping_status":"open","sticky":false,"template":"","format":"standard","meta":{"footnotes":""},"categories":[15],"tags":[47,49,46,42,45,53,48,44,41,51,52,50],"class_list":["post-5947","post","type-post","status-publish","format-standard","has-post-thumbnail","hentry","category-viagens","tag-america","tag-americas","tag-americas-cup","tag-catalunha","tag-copa-america","tag-costa-brava","tag-cup","tag-deessa","tag-espanha","tag-hotel","tag-la-gavina","tag-majestic"],"_links":{"self":[{"href":"https:\/\/gabirossi.com.br\/en\/wp-json\/wp\/v2\/posts\/5947","targetHints":{"allow":["GET"]}}],"collection":[{"href":"https:\/\/gabirossi.com.br\/en\/wp-json\/wp\/v2\/posts"}],"about":[{"href":"https:\/\/gabirossi.com.br\/en\/wp-json\/wp\/v2\/types\/post"}],"author":[{"embeddable":true,"href":"https:\/\/gabirossi.com.br\/en\/wp-json\/wp\/v2\/users\/3"}],"replies":[{"embeddable":true,"href":"https:\/\/gabirossi.com.br\/en\/wp-json\/wp\/v2\/comments?post=5947"}],"version-history":[{"count":8,"href":"https:\/\/gabirossi.com.br\/en\/wp-json\/wp\/v2\/posts\/5947\/revisions"}],"predecessor-version":[{"id":6003,"href":"https:\/\/gabirossi.com.br\/en\/wp-json\/wp\/v2\/posts\/5947\/revisions\/6003"}],"wp:featuredmedia":[{"embeddable":true,"href":"https:\/\/gabirossi.com.br\/en\/wp-json\/wp\/v2\/media\/5948"}],"wp:attachment":[{"href":"https:\/\/gabirossi.com.br\/en\/wp-json\/wp\/v2\/media?parent=5947"}],"wp:term":[{"taxonomy":"category","embeddable":true,"href":"https:\/\/gabirossi.com.br\/en\/wp-json\/wp\/v2\/categories?post=5947"},{"taxonomy":"post_tag","embeddable":true,"href":"https:\/\/gabirossi.com.br\/en\/wp-json\/wp\/v2\/tags?post=5947"}],"curies":[{"name":"wp","href":"https:\/\/api.w.org\/{rel}","templated":true}]}}